{"id":25484,"date":"2026-03-02T19:27:30","date_gmt":"2026-03-02T18:27:30","guid":{"rendered":"https:\/\/boniewo.pl\/?p=25484"},"modified":"2026-03-02T19:29:27","modified_gmt":"2026-03-02T18:29:27","slug":"podniesienie-kompetencji-kluczowych-uczniow-4","status":"publish","type":"post","link":"https:\/\/boniewo.pl\/?p=25484","title":{"rendered":"Podniesienie kompetencji kluczowych uczni\u00f3w"},"content":{"rendered":"\n<p>Zadanie dofinansowane&nbsp; ze \u015brodk\u00f3w Unii Europejskiej FUNDUSZE EUROPEJSKIE NA WSPARCIE W OBSZARZE RYNKU PRACY, EDUKACJI I W\u0141\u0104CZENIA SPO\u0141ECZNEGO Fundusze Europejskie dla Kujaw i Pomorza 2021-2027Europejski Fundusz Spo\u0142eczny +<\/p>\n\n\n\n<p>&nbsp;Celem projektu jest: Podniesienie jako\u015bci i efektywno\u015bci kszta\u0142cenia og\u00f3lnego w Gminie Boniewo poprzez popraw\u0119 warunk\u00f3w kszta\u0142cenia, realizacj\u0119 zaj\u0119\u0107 dodatkowych, wsparcie uczni\u00f3w w Szkole podstawowej Boniewo oraz kszta\u0142cenie kadry w Szko\u0142y Podstawowej w Boniewie<\/p>\n\n\n\n<p>Aktualnie  trwaj\u0105 roboty zwi\u0105zane z bia\u0142ym monta\u017cem wyposa\u017cenia pomieszcze\u0144 , roboty wyko\u0144czeniowe <\/p>\n\n\n\n<figure class=\"wp-block-image size-full\"><img loading=\"lazy\" decoding=\"async\" width=\"700\" height=\"525\" src=\"https:\/\/boniewo.pl\/wp-content\/uploads\/2026\/03\/img_20260224_134404565_hdr-rotated.jpg\" alt=\"\" class=\"wp-image-25485\" srcset=\"https:\/\/boniewo.pl\/wp-content\/uploads\/2026\/03\/img_20260224_134404565_hdr-rotated.jpg 700w, https:\/\/boniewo.pl\/wp-content\/uploads\/2026\/03\/img_20260224_134404565_hdr-300x225.jpg 300w\" sizes=\"auto, (max-width: 700px) 100vw, 700px\" \/><\/figure>\n\n\n\n<figure class=\"wp-block-image size-full\"><img loading=\"lazy\" decoding=\"async\" width=\"700\" height=\"933\" src=\"https:\/\/boniewo.pl\/wp-content\/uploads\/2026\/03\/img_20260224_135108346_hdr-rotated.jpg\" alt=\"\" class=\"wp-image-25486\" srcset=\"https:\/\/boniewo.pl\/wp-content\/uploads\/2026\/03\/img_20260224_135108346_hdr-rotated.jpg 700w, https:\/\/boniewo.pl\/wp-content\/uploads\/2026\/03\/img_20260224_135108346_hdr-225x300.jpg 225w\" sizes=\"auto, (max-width: 700px) 100vw, 700px\" \/><\/figure>\n\n\n\n<figure class=\"wp-block-image size-full\"><img loading=\"lazy\" decoding=\"async\" width=\"700\" height=\"525\" src=\"https:\/\/boniewo.pl\/wp-content\/uploads\/2026\/03\/img_20260224_135115159_hdr-rotated.jpg\" alt=\"\" class=\"wp-image-25487\" srcset=\"https:\/\/boniewo.pl\/wp-content\/uploads\/2026\/03\/img_20260224_135115159_hdr-rotated.jpg 700w, https:\/\/boniewo.pl\/wp-content\/uploads\/2026\/03\/img_20260224_135115159_hdr-300x225.jpg 300w\" sizes=\"auto, (max-width: 700px) 100vw, 700px\" \/><\/figure>\n\n\n\n<figure class=\"wp-block-image size-full\"><img loading=\"lazy\" decoding=\"async\" width=\"700\" height=\"525\" src=\"https:\/\/boniewo.pl\/wp-content\/uploads\/2026\/03\/img_20260224_135133630_mp-rotated.jpg\" alt=\"\" class=\"wp-image-25488\" srcset=\"https:\/\/boniewo.pl\/wp-content\/uploads\/2026\/03\/img_20260224_135133630_mp-rotated.jpg 700w, https:\/\/boniewo.pl\/wp-content\/uploads\/2026\/03\/img_20260224_135133630_mp-300x225.jpg 300w\" sizes=\"auto, (max-width: 700px) 100vw, 700px\" \/><\/figure>\n\n\n\n<p><\/p>\n","protected":false},"excerpt":{"rendered":"<p>Zadanie dofinansowane&nbsp; ze \u015brodk\u00f3w Unii Europejskiej FUNDUSZE EUROPEJSKIE NA WSPARCIE W OBSZARZE RYNKU PRACY, EDUKACJI I W\u0141\u0104CZENIA SPO\u0141ECZNEGO Fundusze Europejskie dla Kujaw i Pomorza 2021-2027Europejski Fundusz Spo\u0142eczny + &nbsp;Celem projektu jest: Podniesienie jako\u015bci i efektywno\u015bci kszta\u0142cenia og\u00f3lnego w Gminie Boniewo poprzez popraw\u0119 warunk\u00f3w kszta\u0142cenia, realizacj\u0119 zaj\u0119\u0107 dodatkowych, wsparcie uczni\u00f3w w Szkole podstawowej Boniewo oraz kszta\u0142cenie kadry w Szko\u0142y Podstawowej w Boniewie Aktualnie trwaj\u0105 roboty zwi\u0105zane z bia\u0142ym monta\u017cem wyposa\u017cenia pomieszcze\u0144 , roboty wyko\u0144czeniowe<\/p>\n","protected":false},"author":6,"featured_media":0,"comment_status":"closed","ping_status":"open","sticky":false,"template":"","format":"standard","meta":{"inline_featured_image":false,"_uag_custom_page_level_css":"","footnotes":""},"categories":[12,81,31],"tags":[],"class_list":["post-25484","post","type-post","status-publish","format-standard","hentry","category-aktualnosci","category-inwestycja-2025-5-podniesienie-kompetencji-kluczowych-uczniow","category-inwestycja"],"uagb_featured_image_src":{"full":false,"thumbnail":false,"medium":false,"medium_large":false,"large":false,"1536x1536":false,"2048x2048":false,"ashe-slider-full-thumbnail":false,"ashe-full-thumbnail":false,"ashe-list-thumbnail":false,"ashe-grid-thumbnail":false,"ashe-single-navigation":false},"uagb_author_info":{"display_name":"Zdzis\u0142awa Bywalska","author_link":"https:\/\/boniewo.pl\/?author=6"},"uagb_comment_info":0,"uagb_excerpt":"Zadanie dofinansowane&nbsp; ze \u015brodk\u00f3w Unii Europejskiej FUNDUSZE EUROPEJSKIE NA WSPARCIE W OBSZARZE RYNKU PRACY, EDUKACJI I W\u0141\u0104CZENIA SPO\u0141ECZNEGO Fundusze Europejskie dla Kujaw i Pomorza 2021-2027Europejski Fundusz Spo\u0142eczny + &nbsp;Celem projektu jest: Podniesienie jako\u015bci i efektywno\u015bci kszta\u0142cenia og\u00f3lnego w Gminie Boniewo poprzez popraw\u0119 warunk\u00f3w kszta\u0142cenia, realizacj\u0119 zaj\u0119\u0107 dodatkowych, wsparcie uczni\u00f3w w Szkole podstawowej Boniewo oraz kszta\u0142cenie&hellip;","_links":{"self":[{"href":"https:\/\/boniewo.pl\/index.php?rest_route=\/wp\/v2\/posts\/25484","targetHints":{"allow":["GET"]}}],"collection":[{"href":"https:\/\/boniewo.pl\/index.php?rest_route=\/wp\/v2\/posts"}],"about":[{"href":"https:\/\/boniewo.pl\/index.php?rest_route=\/wp\/v2\/types\/post"}],"author":[{"embeddable":true,"href":"https:\/\/boniewo.pl\/index.php?rest_route=\/wp\/v2\/users\/6"}],"replies":[{"embeddable":true,"href":"https:\/\/boniewo.pl\/index.php?rest_route=%2Fwp%2Fv2%2Fcomments&post=25484"}],"version-history":[{"count":1,"href":"https:\/\/boniewo.pl\/index.php?rest_route=\/wp\/v2\/posts\/25484\/revisions"}],"predecessor-version":[{"id":25489,"href":"https:\/\/boniewo.pl\/index.php?rest_route=\/wp\/v2\/posts\/25484\/revisions\/25489"}],"wp:attachment":[{"href":"https:\/\/boniewo.pl\/index.php?rest_route=%2Fwp%2Fv2%2Fmedia&parent=25484"}],"wp:term":[{"taxonomy":"category","embeddable":true,"href":"https:\/\/boniewo.pl\/index.php?rest_route=%2Fwp%2Fv2%2Fcategories&post=25484"},{"taxonomy":"post_tag","embeddable":true,"href":"https:\/\/boniewo.pl\/index.php?rest_route=%2Fwp%2Fv2%2Ftags&post=25484"}],"curies":[{"name":"wp","href":"https:\/\/api.w.org\/{rel}","templated":true}]}}