{"id":25513,"date":"2026-03-10T11:58:01","date_gmt":"2026-03-10T10:58:01","guid":{"rendered":"https:\/\/boniewo.pl\/?p=25513"},"modified":"2026-03-10T11:58:02","modified_gmt":"2026-03-10T10:58:02","slug":"przerwy-w-dostawie-energii-elektrycznej-informacje-sa-podawane-na-podstawie-informacji-przekazywanych-przez-pracownikow-dzialu-zarzadzania-eksploatacji-rejonu-dystrybucji-w-radziejowie-za-ich-tresc-2","status":"publish","type":"post","link":"https:\/\/boniewo.pl\/?p=25513","title":{"rendered":"Przerwy w dostawie energii elektrycznej -informacje s\u0105 podawane na podstawie informacji przekazywanych przez pracownik\u00f3w Dzia\u0142u Zarz\u0105dzania Eksploatacji Rejonu Dystrybucji w Radziejowie- za ich tre\u015b\u0107 Gmina nie ponosi odpowiedzialno\u015bci"},"content":{"rendered":"\n<p><strong>W dniu 19.03.2026&nbsp; w godz.&nbsp; 8.00 &#8211; 16.00<\/strong><\/p>\n\n\n\n<p><strong>odbiorcy zasilani ze stacji transformatorowej W\u00d3LKA PARUSZEWSKA<\/strong><\/p>\n\n\n\n<p>Tadeusz Doma\u0144ski<\/p>\n\n\n\n<p>In\u017cynier ds. Zarz\u0105dzania Us\u0142ugami Sieciowymi<br>Dzia\u0142 Zarz\u0105dzania Eksploatacj\u0105<br>Rejon Dystrybucji w Radziejowie<\/p>\n\n\n\n<p><\/p>\n","protected":false},"excerpt":{"rendered":"<p>W dniu 19.03.2026&nbsp; w godz.&nbsp; 8.00 &#8211; 16.00 odbiorcy zasilani ze stacji transformatorowej W\u00d3LKA PARUSZEWSKA Tadeusz Doma\u0144ski In\u017cynier ds. Zarz\u0105dzania Us\u0142ugami SieciowymiDzia\u0142 Zarz\u0105dzania Eksploatacj\u0105Rejon Dystrybucji w Radziejowie<\/p>\n","protected":false},"author":6,"featured_media":0,"comment_status":"closed","ping_status":"open","sticky":false,"template":"","format":"standard","meta":{"inline_featured_image":false,"_uag_custom_page_level_css":"","footnotes":""},"categories":[12],"tags":[],"class_list":["post-25513","post","type-post","status-publish","format-standard","hentry","category-aktualnosci"],"uagb_featured_image_src":{"full":false,"thumbnail":false,"medium":false,"medium_large":false,"large":false,"1536x1536":false,"2048x2048":false,"ashe-slider-full-thumbnail":false,"ashe-full-thumbnail":false,"ashe-list-thumbnail":false,"ashe-grid-thumbnail":false,"ashe-single-navigation":false},"uagb_author_info":{"display_name":"Zdzis\u0142awa Bywalska","author_link":"https:\/\/boniewo.pl\/?author=6"},"uagb_comment_info":0,"uagb_excerpt":"W dniu 19.03.2026&nbsp; w godz.&nbsp; 8.00 &#8211; 16.00 odbiorcy zasilani ze stacji transformatorowej W\u00d3LKA PARUSZEWSKA Tadeusz Doma\u0144ski In\u017cynier ds. Zarz\u0105dzania Us\u0142ugami SieciowymiDzia\u0142 Zarz\u0105dzania Eksploatacj\u0105Rejon Dystrybucji w Radziejowie","_links":{"self":[{"href":"https:\/\/boniewo.pl\/index.php?rest_route=\/wp\/v2\/posts\/25513","targetHints":{"allow":["GET"]}}],"collection":[{"href":"https:\/\/boniewo.pl\/index.php?rest_route=\/wp\/v2\/posts"}],"about":[{"href":"https:\/\/boniewo.pl\/index.php?rest_route=\/wp\/v2\/types\/post"}],"author":[{"embeddable":true,"href":"https:\/\/boniewo.pl\/index.php?rest_route=\/wp\/v2\/users\/6"}],"replies":[{"embeddable":true,"href":"https:\/\/boniewo.pl\/index.php?rest_route=%2Fwp%2Fv2%2Fcomments&post=25513"}],"version-history":[{"count":1,"href":"https:\/\/boniewo.pl\/index.php?rest_route=\/wp\/v2\/posts\/25513\/revisions"}],"predecessor-version":[{"id":25514,"href":"https:\/\/boniewo.pl\/index.php?rest_route=\/wp\/v2\/posts\/25513\/revisions\/25514"}],"wp:attachment":[{"href":"https:\/\/boniewo.pl\/index.php?rest_route=%2Fwp%2Fv2%2Fmedia&parent=25513"}],"wp:term":[{"taxonomy":"category","embeddable":true,"href":"https:\/\/boniewo.pl\/index.php?rest_route=%2Fwp%2Fv2%2Fcategories&post=25513"},{"taxonomy":"post_tag","embeddable":true,"href":"https:\/\/boniewo.pl\/index.php?rest_route=%2Fwp%2Fv2%2Ftags&post=25513"}],"curies":[{"name":"wp","href":"https:\/\/api.w.org\/{rel}","templated":true}]}}