{"id":25530,"date":"2026-03-10T22:01:38","date_gmt":"2026-03-10T21:01:38","guid":{"rendered":"https:\/\/boniewo.pl\/?p=25530"},"modified":"2026-03-10T22:01:39","modified_gmt":"2026-03-10T21:01:39","slug":"podniesienie-kompetencji-kluczowych-uczniow-5","status":"publish","type":"post","link":"https:\/\/boniewo.pl\/?p=25530","title":{"rendered":"Podniesienie kompetencji kluczowych uczni\u00f3w"},"content":{"rendered":"\n<p>Zadanie dofinansowane\u00a0 ze \u015brodk\u00f3w Unii Europejskiej FUNDUSZE EUROPEJSKIE NA WSPARCIE W OBSZARZE RYNKU PRACY, EDUKACJI I W\u0141\u0104CZENIA SPO\u0141ECZNEGO Fundusze Europejskie dla Kujaw i Pomorza 2021-2027Europejski Fundusz Spo\u0142eczny +<\/p>\n\n\n\n<p>&nbsp;Celem projektu jest: Podniesienie jako\u015bci i efektywno\u015bci kszta\u0142cenia og\u00f3lnego w Gminie Boniewo poprzez popraw\u0119 warunk\u00f3w kszta\u0142cenia, realizacj\u0119 zaj\u0119\u0107 dodatkowych, wsparcie uczni\u00f3w w Szkole podstawowej Boniewo oraz kszta\u0142cenie kadry w Szko\u0142y Podstawowej w Boniewie<\/p>\n\n\n\n<p>9 marca 2026 roku odebrano jedno z zada\u0144 projektu &#8221; Dostosowanie \u0142azienek dla os\u00f3b z niepe\u0142nosprawno\u015bciami &#8221; . <\/p>\n\n\n\n<figure class=\"wp-block-image size-full\"><img loading=\"lazy\" decoding=\"async\" width=\"700\" height=\"933\" src=\"https:\/\/boniewo.pl\/wp-content\/uploads\/2026\/03\/image15-rotated.jpg\" alt=\"\" class=\"wp-image-25531\" srcset=\"https:\/\/boniewo.pl\/wp-content\/uploads\/2026\/03\/image15-rotated.jpg 700w, https:\/\/boniewo.pl\/wp-content\/uploads\/2026\/03\/image15-225x300.jpg 225w\" sizes=\"auto, (max-width: 700px) 100vw, 700px\" \/><\/figure>\n\n\n\n<figure class=\"wp-block-image size-full\"><img loading=\"lazy\" decoding=\"async\" width=\"700\" height=\"933\" src=\"https:\/\/boniewo.pl\/wp-content\/uploads\/2026\/03\/image0-rotated.jpg\" alt=\"\" class=\"wp-image-25532\" srcset=\"https:\/\/boniewo.pl\/wp-content\/uploads\/2026\/03\/image0-rotated.jpg 700w, https:\/\/boniewo.pl\/wp-content\/uploads\/2026\/03\/image0-225x300.jpg 225w\" sizes=\"auto, (max-width: 700px) 100vw, 700px\" \/><\/figure>\n\n\n\n<figure class=\"wp-block-image size-full\"><img loading=\"lazy\" decoding=\"async\" width=\"700\" height=\"933\" src=\"https:\/\/boniewo.pl\/wp-content\/uploads\/2026\/03\/image4-rotated.jpg\" alt=\"\" class=\"wp-image-25533\" srcset=\"https:\/\/boniewo.pl\/wp-content\/uploads\/2026\/03\/image4-rotated.jpg 700w, https:\/\/boniewo.pl\/wp-content\/uploads\/2026\/03\/image4-225x300.jpg 225w\" sizes=\"auto, (max-width: 700px) 100vw, 700px\" \/><\/figure>\n\n\n\n<figure class=\"wp-block-image size-full\"><img loading=\"lazy\" decoding=\"async\" width=\"700\" height=\"525\" src=\"https:\/\/boniewo.pl\/wp-content\/uploads\/2026\/03\/image1-1.jpg\" alt=\"\" class=\"wp-image-25534\" srcset=\"https:\/\/boniewo.pl\/wp-content\/uploads\/2026\/03\/image1-1.jpg 700w, https:\/\/boniewo.pl\/wp-content\/uploads\/2026\/03\/image1-1-300x225.jpg 300w\" sizes=\"auto, (max-width: 700px) 100vw, 700px\" \/><\/figure>\n\n\n\n<figure class=\"wp-block-image size-large\"><img loading=\"lazy\" decoding=\"async\" width=\"768\" height=\"1024\" src=\"https:\/\/boniewo.pl\/wp-content\/uploads\/2026\/03\/image19-768x1024.jpeg\" alt=\"\" class=\"wp-image-25535\" srcset=\"https:\/\/boniewo.pl\/wp-content\/uploads\/2026\/03\/image19-768x1024.jpeg 768w, https:\/\/boniewo.pl\/wp-content\/uploads\/2026\/03\/image19-225x300.jpeg 225w, https:\/\/boniewo.pl\/wp-content\/uploads\/2026\/03\/image19-1152x1536.jpeg 1152w, https:\/\/boniewo.pl\/wp-content\/uploads\/2026\/03\/image19-1140x1520.jpeg 1140w, https:\/\/boniewo.pl\/wp-content\/uploads\/2026\/03\/image19-rotated.jpeg 1512w\" sizes=\"auto, (max-width: 768px) 100vw, 768px\" \/><\/figure>\n\n\n\n<figure class=\"wp-block-image size-full\"><img loading=\"lazy\" decoding=\"async\" width=\"700\" height=\"933\" src=\"https:\/\/boniewo.pl\/wp-content\/uploads\/2026\/03\/image21-rotated.jpg\" alt=\"\" class=\"wp-image-25536\" srcset=\"https:\/\/boniewo.pl\/wp-content\/uploads\/2026\/03\/image21-rotated.jpg 700w, https:\/\/boniewo.pl\/wp-content\/uploads\/2026\/03\/image21-225x300.jpg 225w\" sizes=\"auto, (max-width: 700px) 100vw, 700px\" \/><\/figure>\n\n\n\n<figure class=\"wp-block-image size-full\"><img loading=\"lazy\" decoding=\"async\" width=\"700\" height=\"933\" src=\"https:\/\/boniewo.pl\/wp-content\/uploads\/2026\/03\/image22-rotated.jpg\" alt=\"\" class=\"wp-image-25537\" srcset=\"https:\/\/boniewo.pl\/wp-content\/uploads\/2026\/03\/image22-rotated.jpg 700w, https:\/\/boniewo.pl\/wp-content\/uploads\/2026\/03\/image22-225x300.jpg 225w\" sizes=\"auto, (max-width: 700px) 100vw, 700px\" \/><\/figure>\n","protected":false},"excerpt":{"rendered":"<p>Zadanie dofinansowane\u00a0 ze \u015brodk\u00f3w Unii Europejskiej FUNDUSZE EUROPEJSKIE NA WSPARCIE W OBSZARZE RYNKU PRACY, EDUKACJI I W\u0141\u0104CZENIA SPO\u0141ECZNEGO Fundusze Europejskie dla Kujaw i Pomorza 2021-2027Europejski Fundusz Spo\u0142eczny + &nbsp;Celem projektu jest: Podniesienie jako\u015bci i efektywno\u015bci kszta\u0142cenia og\u00f3lnego w Gminie Boniewo poprzez popraw\u0119 warunk\u00f3w kszta\u0142cenia, realizacj\u0119 zaj\u0119\u0107 dodatkowych, wsparcie uczni\u00f3w w Szkole podstawowej Boniewo oraz kszta\u0142cenie kadry w Szko\u0142y Podstawowej w Boniewie 9 marca 2026 roku odebrano jedno z zada\u0144 projektu &#8221; Dostosowanie \u0142azienek dla os\u00f3b z niepe\u0142nosprawno\u015bciami &#8221; .<\/p>\n","protected":false},"author":6,"featured_media":0,"comment_status":"closed","ping_status":"open","sticky":false,"template":"","format":"standard","meta":{"inline_featured_image":false,"_uag_custom_page_level_css":"","footnotes":""},"categories":[12,31],"tags":[],"class_list":["post-25530","post","type-post","status-publish","format-standard","hentry","category-aktualnosci","category-inwestycja"],"uagb_featured_image_src":{"full":false,"thumbnail":false,"medium":false,"medium_large":false,"large":false,"1536x1536":false,"2048x2048":false,"ashe-slider-full-thumbnail":false,"ashe-full-thumbnail":false,"ashe-list-thumbnail":false,"ashe-grid-thumbnail":false,"ashe-single-navigation":false},"uagb_author_info":{"display_name":"Zdzis\u0142awa Bywalska","author_link":"https:\/\/boniewo.pl\/?author=6"},"uagb_comment_info":0,"uagb_excerpt":"Zadanie dofinansowane\u00a0 ze \u015brodk\u00f3w Unii Europejskiej FUNDUSZE EUROPEJSKIE NA WSPARCIE W OBSZARZE RYNKU PRACY, EDUKACJI I W\u0141\u0104CZENIA SPO\u0141ECZNEGO Fundusze Europejskie dla Kujaw i Pomorza 2021-2027Europejski Fundusz Spo\u0142eczny + &nbsp;Celem projektu jest: Podniesienie jako\u015bci i efektywno\u015bci kszta\u0142cenia og\u00f3lnego w Gminie Boniewo poprzez popraw\u0119 warunk\u00f3w kszta\u0142cenia, realizacj\u0119 zaj\u0119\u0107 dodatkowych, wsparcie uczni\u00f3w w Szkole podstawowej Boniewo oraz kszta\u0142cenie&hellip;","_links":{"self":[{"href":"https:\/\/boniewo.pl\/index.php?rest_route=\/wp\/v2\/posts\/25530","targetHints":{"allow":["GET"]}}],"collection":[{"href":"https:\/\/boniewo.pl\/index.php?rest_route=\/wp\/v2\/posts"}],"about":[{"href":"https:\/\/boniewo.pl\/index.php?rest_route=\/wp\/v2\/types\/post"}],"author":[{"embeddable":true,"href":"https:\/\/boniewo.pl\/index.php?rest_route=\/wp\/v2\/users\/6"}],"replies":[{"embeddable":true,"href":"https:\/\/boniewo.pl\/index.php?rest_route=%2Fwp%2Fv2%2Fcomments&post=25530"}],"version-history":[{"count":2,"href":"https:\/\/boniewo.pl\/index.php?rest_route=\/wp\/v2\/posts\/25530\/revisions"}],"predecessor-version":[{"id":25539,"href":"https:\/\/boniewo.pl\/index.php?rest_route=\/wp\/v2\/posts\/25530\/revisions\/25539"}],"wp:attachment":[{"href":"https:\/\/boniewo.pl\/index.php?rest_route=%2Fwp%2Fv2%2Fmedia&parent=25530"}],"wp:term":[{"taxonomy":"category","embeddable":true,"href":"https:\/\/boniewo.pl\/index.php?rest_route=%2Fwp%2Fv2%2Fcategories&post=25530"},{"taxonomy":"post_tag","embeddable":true,"href":"https:\/\/boniewo.pl\/index.php?rest_route=%2Fwp%2Fv2%2Ftags&post=25530"}],"curies":[{"name":"wp","href":"https:\/\/api.w.org\/{rel}","templated":true}]}}