{"id":25540,"date":"2026-03-11T12:29:03","date_gmt":"2026-03-11T11:29:03","guid":{"rendered":"https:\/\/boniewo.pl\/?p=25540"},"modified":"2026-03-11T12:29:11","modified_gmt":"2026-03-11T11:29:11","slug":"najlepsze-zyczenia-dla-soltysow-i-soltysek","status":"publish","type":"post","link":"https:\/\/boniewo.pl\/?p=25540","title":{"rendered":"Najlepsze \u017cyczenia dla so\u0142tys\u00f3w i so\u0142tysek"},"content":{"rendered":"\n<p><em>&#8211; Prosz\u0119 przyj\u0105\u0107 wyrazy najwy\u017cszego uznania i podzi\u0119kowania za codzienn\u0105 s\u0142u\u017cb\u0119 na rzecz lokalnych spo\u0142eczno\u015bci naszego regionu. (\u2026) \u017bycz\u0119 wytrwa\u0142o\u015bci, nies\u0142abn\u0105cej energii, wiary w sens misji i w\u0142asn\u0105 sprawczo\u015b\u0107. Niech satysfakcja i wdzi\u0119czno\u015b\u0107 mieszka\u0144c\u00f3w b\u0119d\u0105 dla Pa\u0144stwa \u017ar\u00f3d\u0142em si\u0142y i motywacji \u2013<\/em> napisa\u0142 do lider\u00f3w wiejskich spo\u0142eczno\u015bci w dniu ich \u015bwi\u0119ta marsza\u0142ek Piotr Ca\u0142becki. Dzi\u015b Dzie\u0144 So\u0142tysa obchodzony przez 2\u00a0294 so\u0142tysek i so\u0142tys\u00f3w w Kujawsko-Pomorskiem i ponad 40 tysi\u0119cy ich odpowiednik\u00f3w w ca\u0142ym kraju. <\/p>\n\n\n\n<p><em>&#8211; S\u0105 Pa\u0144stwo nie tylko gospodarzami swoich so\u0142ectw, ale (\u2026) [r\u00f3wnie\u017c] animatorami \u017cycia spo\u0142ecznego, inicjatorami zmian, rzecznikami potrzeb mieszka\u0144c\u00f3w. (\u2026) Z ogromnym podziwem patrz\u0119 na umiej\u0119tno\u015b\u0107 godzenia tak wielu r\u00f3l, na pa\u0144stwa energi\u0119, determinacj\u0119 i konsekwencj\u0119. (\u2026) To dzi\u0119ki Pa\u0144stwa zaanga\u017cowaniu wiejskie wsp\u00f3lnoty rozwijaj\u0105 si\u0119, integruj\u0105 i skutecznie odpowiadaj\u0105 na wsp\u00f3\u0142czesne wyzwania. Dzi\u0119kuj\u0119 za Pa\u0144stwa zaanga\u017cowanie, odpowiedzialno\u015b\u0107 i wszystko, co buduje si\u0142\u0119 i to\u017csamo\u015b\u0107 lokalnych wsp\u00f3lnot naszego wojew\u00f3dztwa \u2013<\/em> czytamy w pi\u015bmie, kt\u00f3re jeszcze wczoraj trafi\u0142o do so\u0142ectw w ca\u0142ym regionie.<\/p>\n\n\n\n<p>Samorz\u0105d wojew\u00f3dztwa uznaje so\u0142tys\u00f3w za wa\u017cnych partner\u00f3w wspieraj\u0105cych marsza\u0142kowsk\u0105 administracj\u0119 m.in. w realizacji lokalnego, adresowanego do wiejskich spo\u0142eczno\u015bci wymiaru polityki regionalnej. By podkre\u015bli\u0107 rang\u0119 i znaczenie ich spo\u0142ecznej funkcji, samorz\u0105dowe w\u0142adze regionu ustanowi\u0142y odznak\u0119 so\u0142tysowsk\u0105, kt\u00f3r\u0105 otrzymuj\u0105 wszyscy pe\u0142ni\u0105cy ten odpowiedzialny urz\u0105d. Od 2024 roku dzia\u0142a powo\u0142ana przez zarz\u0105d wojew\u00f3dztwa regionalna Kujawsko-Pomorska Rada So\u0142tys\u00f3w (120 cz\u0142onk\u00f3w rekomendowanych przez w\u00f3jt\u00f3w gmin), kt\u00f3ra jest cia\u0142em doradczym marsza\u0142ka wojew\u00f3dztwa w kwestiach dotycz\u0105cych rozwoju wsi. Wa\u017cnym, organizowanym z rozmachem wydarzeniem jest dedykowanemu wiejskim liderom So\u0142tysiada, kt\u00f3rej celem jest integracja \u015brodowiska i budowa przestrzeni wymiany do\u015bwiadcze\u0144. W tym roku odb\u0119dzie si\u0119 po raz drugi.<\/p>\n\n\n\n<p>Warto zaznaczy\u0107, \u017ce oblicze tego szczebla samorz\u0105dno\u015bci wiejskiej w ostatnim czasie si\u0119 zmienia. Je\u015bli do niedawna so\u0142tys by\u0142 najcz\u0119\u015bciej powa\u017cnym m\u0119\u017cczyzn\u0105 w \u015brednim wieku, to dzi\u015b coraz cz\u0119\u015bciej mieszka\u0144cy powierzaj\u0105 t\u0119 godno\u015b\u0107 kobietom, tak\u017ce m\u0142odym. W Kujawsko-Pomorskiem so\u0142tyski to ju\u017c po\u0142owa (52 proc.) wiejskich lider\u00f3w \u2013 najwi\u0119cej pa\u0144 pe\u0142ni ten urz\u0105d w gminie Stolno w powiecie che\u0142mi\u0144skim (85 proc.), najmniej (6 proc.) w gminie Brzuze w powiecie rypi\u0144skim (6 proc.).<\/p>\n\n\n\n<p>Zobacz te\u017c Ukonstytuowa\u0142a si\u0119 wojew\u00f3dzka Rada So\u0142tys\u00f3w (<a href=\"https:\/\/kujawsko-pomorskie.pl\/aktualnosci\/inauguracja-wojewodzkiej-rady-soltysow\/\">https:\/\/kujawsko-pomorskie.pl\/aktualnosci\/inauguracja-wojewodzkiej-rady-soltysow\/<\/a> )<\/p>\n\n\n\n<p><em>Beata Krzemi\u0144ska<\/em><\/p>\n\n\n\n<p><em>rzecznik prasowa Urz\u0119du Marsza\u0142kowskiego&nbsp;&nbsp;&nbsp;&nbsp;&nbsp;&nbsp;&nbsp;&nbsp;&nbsp;&nbsp;&nbsp;&nbsp;&nbsp;&nbsp;&nbsp;&nbsp;<\/em><\/p>\n\n\n\n<figure class=\"wp-block-image size-large\"><img loading=\"lazy\" decoding=\"async\" width=\"1024\" height=\"683\" src=\"https:\/\/boniewo.pl\/wp-content\/uploads\/2026\/03\/soltysiada_fot_mikolaj_kuras-6-1024x683.jpg\" alt=\"\" class=\"wp-image-25541\" srcset=\"https:\/\/boniewo.pl\/wp-content\/uploads\/2026\/03\/soltysiada_fot_mikolaj_kuras-6-1024x683.jpg 1024w, https:\/\/boniewo.pl\/wp-content\/uploads\/2026\/03\/soltysiada_fot_mikolaj_kuras-6-300x200.jpg 300w, https:\/\/boniewo.pl\/wp-content\/uploads\/2026\/03\/soltysiada_fot_mikolaj_kuras-6-768x512.jpg 768w, https:\/\/boniewo.pl\/wp-content\/uploads\/2026\/03\/soltysiada_fot_mikolaj_kuras-6-1140x760.jpg 1140w, https:\/\/boniewo.pl\/wp-content\/uploads\/2026\/03\/soltysiada_fot_mikolaj_kuras-6.jpg 1500w\" sizes=\"auto, (max-width: 1024px) 100vw, 1024px\" \/><figcaption class=\"wp-element-caption\">24.06.2025 Torun, Muzeum Etnograficzne . I Soltysiada na Kujawach i Pomorzu Fot. Mikolaj Kuras dla UMWKP<\/figcaption><\/figure>\n\n\n\n<p>Do \u017cycze\u0144 z okazji Dnia So\u0142tysa do\u0142\u0105cza si\u0119 r\u00f3wnie\u017c W\u00f3jt Gminy wraz z Pracownikami Urz\u0119du Gminy oraz Przewodnicz\u0105cy Rady Gminy Boniewo wraz z Radnymi. Sk\u0142adaj\u0105 oni serdeczne podzi\u0119kowania za zaanga\u017cowanie w prac\u0119 na rzecz lokalnej spo\u0142eczno\u015bci oraz \u017cycz\u0105 dalszych sukces\u00f3w, satysfakcji z pe\u0142nionej funkcji, a tak\u017ce wszelkiej pomy\u015blno\u015bci w \u017cyciu osobistym i zawodowym.<\/p>\n\n\n\n<p><\/p>\n","protected":false},"excerpt":{"rendered":"<p>&#8211; Prosz\u0119 przyj\u0105\u0107 wyrazy najwy\u017cszego uznania i podzi\u0119kowania za codzienn\u0105 s\u0142u\u017cb\u0119 na rzecz lokalnych spo\u0142eczno\u015bci naszego regionu. (\u2026) \u017bycz\u0119 wytrwa\u0142o\u015bci, nies\u0142abn\u0105cej energii, wiary w sens misji i w\u0142asn\u0105 sprawczo\u015b\u0107. Niech satysfakcja i wdzi\u0119czno\u015b\u0107 mieszka\u0144c\u00f3w b\u0119d\u0105 dla Pa\u0144stwa \u017ar\u00f3d\u0142em si\u0142y i motywacji \u2013 napisa\u0142 do lider\u00f3w wiejskich spo\u0142eczno\u015bci w dniu ich \u015bwi\u0119ta marsza\u0142ek Piotr Ca\u0142becki. Dzi\u015b Dzie\u0144 So\u0142tysa obchodzony przez 2\u00a0294 so\u0142tysek i so\u0142tys\u00f3w w Kujawsko-Pomorskiem i ponad 40 tysi\u0119cy ich odpowiednik\u00f3w w ca\u0142ym kraju. &#8211; S\u0105 Pa\u0144stwo nie tylko gospodarzami swoich so\u0142ectw, ale (\u2026) [r\u00f3wnie\u017c] animatorami \u017cycia spo\u0142ecznego, inicjatorami zmian, rzecznikami potrzeb mieszka\u0144c\u00f3w. (\u2026) Z ogromnym podziwem patrz\u0119 na umiej\u0119tno\u015b\u0107 godzenia tak wielu r\u00f3l, na pa\u0144stwa energi\u0119, determinacj\u0119 i konsekwencj\u0119. (\u2026) To dzi\u0119ki Pa\u0144stwa zaanga\u017cowaniu wiejskie wsp\u00f3lnoty rozwijaj\u0105 si\u0119, integruj\u0105 i skutecznie odpowiadaj\u0105 na wsp\u00f3\u0142czesne wyzwania. Dzi\u0119kuj\u0119 za Pa\u0144stwa zaanga\u017cowanie, odpowiedzialno\u015b\u0107 i wszystko, co buduje si\u0142\u0119 i to\u017csamo\u015b\u0107 lokalnych wsp\u00f3lnot naszego wojew\u00f3dztwa \u2013 czytamy w pi\u015bmie, kt\u00f3re jeszcze wczoraj trafi\u0142o do so\u0142ectw w ca\u0142ym regionie. Samorz\u0105d wojew\u00f3dztwa uznaje so\u0142tys\u00f3w za wa\u017cnych partner\u00f3w wspieraj\u0105cych marsza\u0142kowsk\u0105 administracj\u0119 m.in. w realizacji lokalnego, adresowanego do wiejskich spo\u0142eczno\u015bci wymiaru polityki regionalnej. By podkre\u015bli\u0107 rang\u0119 i znaczenie ich spo\u0142ecznej funkcji, samorz\u0105dowe w\u0142adze regionu ustanowi\u0142y odznak\u0119 so\u0142tysowsk\u0105, kt\u00f3r\u0105 otrzymuj\u0105 wszyscy pe\u0142ni\u0105cy ten odpowiedzialny urz\u0105d. Od 2024 roku dzia\u0142a powo\u0142ana przez zarz\u0105d wojew\u00f3dztwa regionalna Kujawsko-Pomorska Rada So\u0142tys\u00f3w (120 cz\u0142onk\u00f3w rekomendowanych przez w\u00f3jt\u00f3w gmin), kt\u00f3ra jest cia\u0142em doradczym marsza\u0142ka wojew\u00f3dztwa w kwestiach dotycz\u0105cych rozwoju wsi. Wa\u017cnym, organizowanym z rozmachem wydarzeniem jest dedykowanemu wiejskim liderom So\u0142tysiada, kt\u00f3rej celem jest integracja \u015brodowiska i budowa przestrzeni wymiany do\u015bwiadcze\u0144. W tym roku odb\u0119dzie si\u0119 po raz drugi. Warto zaznaczy\u0107, \u017ce oblicze tego szczebla samorz\u0105dno\u015bci wiejskiej w ostatnim czasie si\u0119 zmienia. Je\u015bli do niedawna so\u0142tys by\u0142 najcz\u0119\u015bciej powa\u017cnym m\u0119\u017cczyzn\u0105 w \u015brednim wieku, to dzi\u015b coraz cz\u0119\u015bciej mieszka\u0144cy powierzaj\u0105 t\u0119 godno\u015b\u0107 kobietom, tak\u017ce m\u0142odym. W Kujawsko-Pomorskiem so\u0142tyski to ju\u017c po\u0142owa (52 proc.) wiejskich lider\u00f3w \u2013 najwi\u0119cej pa\u0144 pe\u0142ni ten urz\u0105d w gminie Stolno w powiecie che\u0142mi\u0144skim (85 proc.), najmniej (6 proc.) w gminie Brzuze w powiecie rypi\u0144skim (6 proc.). Zobacz te\u017c Ukonstytuowa\u0142a si\u0119 wojew\u00f3dzka Rada So\u0142tys\u00f3w (https:\/\/kujawsko-pomorskie.pl\/aktualnosci\/inauguracja-wojewodzkiej-rady-soltysow\/ ) Beata Krzemi\u0144ska rzecznik prasowa Urz\u0119du Marsza\u0142kowskiego&nbsp;&nbsp;&nbsp;&nbsp;&nbsp;&nbsp;&nbsp;&nbsp;&nbsp;&nbsp;&nbsp;&nbsp;&nbsp;&nbsp;&nbsp;&nbsp; Do \u017cycze\u0144 z okazji Dnia So\u0142tysa do\u0142\u0105cza si\u0119 r\u00f3wnie\u017c W\u00f3jt Gminy wraz z Pracownikami Urz\u0119du Gminy oraz Przewodnicz\u0105cy Rady Gminy Boniewo wraz z Radnymi. Sk\u0142adaj\u0105 oni serdeczne podzi\u0119kowania za zaanga\u017cowanie w prac\u0119 na rzecz lokalnej spo\u0142eczno\u015bci oraz \u017cycz\u0105 dalszych sukces\u00f3w, satysfakcji z pe\u0142nionej funkcji, a tak\u017ce wszelkiej pomy\u015blno\u015bci w \u017cyciu osobistym i zawodowym.<\/p>\n","protected":false},"author":8,"featured_media":0,"comment_status":"closed","ping_status":"open","sticky":false,"template":"","format":"standard","meta":{"inline_featured_image":false,"_uag_custom_page_level_css":"","footnotes":""},"categories":[12],"tags":[],"class_list":["post-25540","post","type-post","status-publish","format-standard","hentry","category-aktualnosci"],"uagb_featured_image_src":{"full":false,"thumbnail":false,"medium":false,"medium_large":false,"large":false,"1536x1536":false,"2048x2048":false,"ashe-slider-full-thumbnail":false,"ashe-full-thumbnail":false,"ashe-list-thumbnail":false,"ashe-grid-thumbnail":false,"ashe-single-navigation":false},"uagb_author_info":{"display_name":"Miko\u0142aj Baszeski","author_link":"https:\/\/boniewo.pl\/?author=8"},"uagb_comment_info":0,"uagb_excerpt":"&#8211; Prosz\u0119 przyj\u0105\u0107 wyrazy najwy\u017cszego uznania i podzi\u0119kowania za codzienn\u0105 s\u0142u\u017cb\u0119 na rzecz lokalnych spo\u0142eczno\u015bci naszego regionu. (\u2026) \u017bycz\u0119 wytrwa\u0142o\u015bci, nies\u0142abn\u0105cej energii, wiary w sens misji i w\u0142asn\u0105 sprawczo\u015b\u0107. Niech satysfakcja i wdzi\u0119czno\u015b\u0107 mieszka\u0144c\u00f3w b\u0119d\u0105 dla Pa\u0144stwa \u017ar\u00f3d\u0142em si\u0142y i motywacji \u2013 napisa\u0142 do lider\u00f3w wiejskich spo\u0142eczno\u015bci w dniu ich \u015bwi\u0119ta marsza\u0142ek Piotr Ca\u0142becki. Dzi\u015b&hellip;","_links":{"self":[{"href":"https:\/\/boniewo.pl\/index.php?rest_route=\/wp\/v2\/posts\/25540","targetHints":{"allow":["GET"]}}],"collection":[{"href":"https:\/\/boniewo.pl\/index.php?rest_route=\/wp\/v2\/posts"}],"about":[{"href":"https:\/\/boniewo.pl\/index.php?rest_route=\/wp\/v2\/types\/post"}],"author":[{"embeddable":true,"href":"https:\/\/boniewo.pl\/index.php?rest_route=\/wp\/v2\/users\/8"}],"replies":[{"embeddable":true,"href":"https:\/\/boniewo.pl\/index.php?rest_route=%2Fwp%2Fv2%2Fcomments&post=25540"}],"version-history":[{"count":1,"href":"https:\/\/boniewo.pl\/index.php?rest_route=\/wp\/v2\/posts\/25540\/revisions"}],"predecessor-version":[{"id":25542,"href":"https:\/\/boniewo.pl\/index.php?rest_route=\/wp\/v2\/posts\/25540\/revisions\/25542"}],"wp:attachment":[{"href":"https:\/\/boniewo.pl\/index.php?rest_route=%2Fwp%2Fv2%2Fmedia&parent=25540"}],"wp:term":[{"taxonomy":"category","embeddable":true,"href":"https:\/\/boniewo.pl\/index.php?rest_route=%2Fwp%2Fv2%2Fcategories&post=25540"},{"taxonomy":"post_tag","embeddable":true,"href":"https:\/\/boniewo.pl\/index.php?rest_route=%2Fwp%2Fv2%2Ftags&post=25540"}],"curies":[{"name":"wp","href":"https:\/\/api.w.org\/{rel}","templated":true}]}}