{"id":25549,"date":"2026-03-13T12:38:11","date_gmt":"2026-03-13T11:38:11","guid":{"rendered":"https:\/\/boniewo.pl\/?p=25549"},"modified":"2026-04-29T15:04:32","modified_gmt":"2026-04-29T13:04:32","slug":"wymiana-wodomierzy-osiecz-maly-bnin-oraz-zurawice","status":"publish","type":"post","link":"https:\/\/boniewo.pl\/?p=25549","title":{"rendered":"Wymiana wodomierzy &#8211; Osiecz Ma\u0142y, Bnin oraz \u017burawice"},"content":{"rendered":"\n<p>W\u00f3jt Gminy Boniewo informuje, \u017ce w dniach <strong>17\u201321 marca<\/strong>, w godzinach od <strong>9:00 do 16:00,<\/strong> w miejscowo\u015bciach <strong>Osiecz Ma\u0142y, Bnin oraz \u017burawice<\/strong> przeprowadzona zostanie wymiana wodomierzy.<\/p>\n\n\n\n<p><\/p>\n\n\n\n<figure class=\"wp-block-image size-large\"><img loading=\"lazy\" decoding=\"async\" width=\"1024\" height=\"724\" src=\"https:\/\/boniewo.pl\/wp-content\/uploads\/2026\/03\/Kopia-\u2013-PRZERWA-W-DOSTAWIE-WODY1-1024x724.png\" alt=\"\" class=\"wp-image-25550\" srcset=\"https:\/\/boniewo.pl\/wp-content\/uploads\/2026\/03\/Kopia-\u2013-PRZERWA-W-DOSTAWIE-WODY1-1024x724.png 1024w, https:\/\/boniewo.pl\/wp-content\/uploads\/2026\/03\/Kopia-\u2013-PRZERWA-W-DOSTAWIE-WODY1-300x212.png 300w, https:\/\/boniewo.pl\/wp-content\/uploads\/2026\/03\/Kopia-\u2013-PRZERWA-W-DOSTAWIE-WODY1-768x543.png 768w, https:\/\/boniewo.pl\/wp-content\/uploads\/2026\/03\/Kopia-\u2013-PRZERWA-W-DOSTAWIE-WODY1-1536x1086.png 1536w, https:\/\/boniewo.pl\/wp-content\/uploads\/2026\/03\/Kopia-\u2013-PRZERWA-W-DOSTAWIE-WODY1-2048x1448.png 2048w, https:\/\/boniewo.pl\/wp-content\/uploads\/2026\/03\/Kopia-\u2013-PRZERWA-W-DOSTAWIE-WODY1-1140x806.png 1140w\" sizes=\"auto, (max-width: 1024px) 100vw, 1024px\" \/><\/figure>\n","protected":false},"excerpt":{"rendered":"<p>W\u00f3jt Gminy Boniewo informuje, \u017ce w dniach 17\u201321 marca, w godzinach od 9:00 do 16:00, w miejscowo\u015bciach Osiecz Ma\u0142y, Bnin oraz \u017burawice przeprowadzona zostanie wymiana wodomierzy.<\/p>\n","protected":false},"author":8,"featured_media":0,"comment_status":"closed","ping_status":"open","sticky":false,"template":"","format":"standard","meta":{"inline_featured_image":false,"_uag_custom_page_level_css":"","footnotes":""},"categories":[87,12,31],"tags":[],"class_list":["post-25549","post","type-post","status-publish","format-standard","hentry","category-2025-8-budowa-i-przebudowa-infrastruktury-sluzacej-zaopatrzeniu-ludnosci-w-wode-pitna-modernizacja-sieci-wodociagowej-na-terenie-gminy-boniewo-rozbudowa-sieci-wodno-kanalizacyjnej","category-aktualnosci","category-inwestycja"],"uagb_featured_image_src":{"full":false,"thumbnail":false,"medium":false,"medium_large":false,"large":false,"1536x1536":false,"2048x2048":false,"ashe-slider-full-thumbnail":false,"ashe-full-thumbnail":false,"ashe-list-thumbnail":false,"ashe-grid-thumbnail":false,"ashe-single-navigation":false},"uagb_author_info":{"display_name":"Miko\u0142aj Baszeski","author_link":"https:\/\/boniewo.pl\/?author=8"},"uagb_comment_info":0,"uagb_excerpt":"W\u00f3jt Gminy Boniewo informuje, \u017ce w dniach 17\u201321 marca, w godzinach od 9:00 do 16:00, w miejscowo\u015bciach Osiecz Ma\u0142y, Bnin oraz \u017burawice przeprowadzona zostanie wymiana wodomierzy.","_links":{"self":[{"href":"https:\/\/boniewo.pl\/index.php?rest_route=\/wp\/v2\/posts\/25549","targetHints":{"allow":["GET"]}}],"collection":[{"href":"https:\/\/boniewo.pl\/index.php?rest_route=\/wp\/v2\/posts"}],"about":[{"href":"https:\/\/boniewo.pl\/index.php?rest_route=\/wp\/v2\/types\/post"}],"author":[{"embeddable":true,"href":"https:\/\/boniewo.pl\/index.php?rest_route=\/wp\/v2\/users\/8"}],"replies":[{"embeddable":true,"href":"https:\/\/boniewo.pl\/index.php?rest_route=%2Fwp%2Fv2%2Fcomments&post=25549"}],"version-history":[{"count":2,"href":"https:\/\/boniewo.pl\/index.php?rest_route=\/wp\/v2\/posts\/25549\/revisions"}],"predecessor-version":[{"id":25552,"href":"https:\/\/boniewo.pl\/index.php?rest_route=\/wp\/v2\/posts\/25549\/revisions\/25552"}],"wp:attachment":[{"href":"https:\/\/boniewo.pl\/index.php?rest_route=%2Fwp%2Fv2%2Fmedia&parent=25549"}],"wp:term":[{"taxonomy":"category","embeddable":true,"href":"https:\/\/boniewo.pl\/index.php?rest_route=%2Fwp%2Fv2%2Fcategories&post=25549"},{"taxonomy":"post_tag","embeddable":true,"href":"https:\/\/boniewo.pl\/index.php?rest_route=%2Fwp%2Fv2%2Ftags&post=25549"}],"curies":[{"name":"wp","href":"https:\/\/api.w.org\/{rel}","templated":true}]}}