{"id":25804,"date":"2026-04-29T08:46:54","date_gmt":"2026-04-29T06:46:54","guid":{"rendered":"https:\/\/boniewo.pl\/?p=25804"},"modified":"2026-04-29T08:46:55","modified_gmt":"2026-04-29T06:46:55","slug":"zaproszenie-dla-przedsiebiorcow-bezplatne-szkolenie","status":"publish","type":"post","link":"https:\/\/boniewo.pl\/?p=25804","title":{"rendered":"Zaproszenie dla przedsi\u0119biorc\u00f3w &#8211; bezp\u0142atne szkolenie"},"content":{"rendered":"\n<p>Instytut ADN sp. z o.o. sp.k. i Fundacja Kultury Bez Barier zapraszaj\u0105 na spotkanie                           informacyjno &#8211; promocyjne Instytut Dost\u0119pno\u015bci \u2013 szkolenia i doradztwo dla firm.<\/p>\n\n\n\n<p> Do\u0142\u0105cz do spotkania 30.04.2026, godzina 9:30<\/p>\n\n\n\n<div data-wp-interactive=\"core\/file\" class=\"wp-block-file\"><object data-wp-bind--hidden=\"!state.hasPdfPreview\" hidden class=\"wp-block-file__embed\" data=\"https:\/\/boniewo.pl\/wp-content\/uploads\/2026\/04\/Zaproszenie-30_04_2026.pdf\" type=\"application\/pdf\" style=\"width:100%;height:600px\" aria-label=\"Osadzone z Zaproszenie 30_04_2026.\"><\/object><a id=\"wp-block-file--media-7bf9c244-a966-46c0-b6e5-ba8195de55e1\" href=\"https:\/\/boniewo.pl\/wp-content\/uploads\/2026\/04\/Zaproszenie-30_04_2026.pdf\">Zaproszenie 30_04_2026<\/a><a href=\"https:\/\/boniewo.pl\/wp-content\/uploads\/2026\/04\/Zaproszenie-30_04_2026.pdf\" class=\"wp-block-file__button wp-element-button\" download aria-describedby=\"wp-block-file--media-7bf9c244-a966-46c0-b6e5-ba8195de55e1\">Pobierz<\/a><\/div>\n","protected":false},"excerpt":{"rendered":"<p>Instytut ADN sp. z o.o. sp.k. i Fundacja Kultury Bez Barier zapraszaj\u0105 na spotkanie informacyjno &#8211; promocyjne Instytut Dost\u0119pno\u015bci \u2013 szkolenia i doradztwo dla firm. Do\u0142\u0105cz do spotkania 30.04.2026, godzina 9:30<\/p>\n","protected":false},"author":8,"featured_media":0,"comment_status":"closed","ping_status":"open","sticky":false,"template":"","format":"standard","meta":{"inline_featured_image":false,"_uag_custom_page_level_css":"","footnotes":""},"categories":[12],"tags":[],"class_list":["post-25804","post","type-post","status-publish","format-standard","hentry","category-aktualnosci"],"uagb_featured_image_src":{"full":false,"thumbnail":false,"medium":false,"medium_large":false,"large":false,"1536x1536":false,"2048x2048":false,"ashe-slider-full-thumbnail":false,"ashe-full-thumbnail":false,"ashe-list-thumbnail":false,"ashe-grid-thumbnail":false,"ashe-single-navigation":false},"uagb_author_info":{"display_name":"Miko\u0142aj Baszeski","author_link":"https:\/\/boniewo.pl\/?author=8"},"uagb_comment_info":0,"uagb_excerpt":"Instytut ADN sp. z o.o. sp.k. i Fundacja Kultury Bez Barier zapraszaj\u0105 na spotkanie informacyjno &#8211; promocyjne Instytut Dost\u0119pno\u015bci \u2013 szkolenia i doradztwo dla firm. Do\u0142\u0105cz do spotkania 30.04.2026, godzina 9:30","_links":{"self":[{"href":"https:\/\/boniewo.pl\/index.php?rest_route=\/wp\/v2\/posts\/25804","targetHints":{"allow":["GET"]}}],"collection":[{"href":"https:\/\/boniewo.pl\/index.php?rest_route=\/wp\/v2\/posts"}],"about":[{"href":"https:\/\/boniewo.pl\/index.php?rest_route=\/wp\/v2\/types\/post"}],"author":[{"embeddable":true,"href":"https:\/\/boniewo.pl\/index.php?rest_route=\/wp\/v2\/users\/8"}],"replies":[{"embeddable":true,"href":"https:\/\/boniewo.pl\/index.php?rest_route=%2Fwp%2Fv2%2Fcomments&post=25804"}],"version-history":[{"count":1,"href":"https:\/\/boniewo.pl\/index.php?rest_route=\/wp\/v2\/posts\/25804\/revisions"}],"predecessor-version":[{"id":25806,"href":"https:\/\/boniewo.pl\/index.php?rest_route=\/wp\/v2\/posts\/25804\/revisions\/25806"}],"wp:attachment":[{"href":"https:\/\/boniewo.pl\/index.php?rest_route=%2Fwp%2Fv2%2Fmedia&parent=25804"}],"wp:term":[{"taxonomy":"category","embeddable":true,"href":"https:\/\/boniewo.pl\/index.php?rest_route=%2Fwp%2Fv2%2Fcategories&post=25804"},{"taxonomy":"post_tag","embeddable":true,"href":"https:\/\/boniewo.pl\/index.php?rest_route=%2Fwp%2Fv2%2Ftags&post=25804"}],"curies":[{"name":"wp","href":"https:\/\/api.w.org\/{rel}","templated":true}]}}