{"id":26331,"date":"2026-08-31T13:42:49","date_gmt":"2026-08-31T11:42:49","guid":{"rendered":"https:\/\/boniewo.pl\/?p=26331"},"modified":"2026-08-31T15:15:36","modified_gmt":"2026-08-31T13:15:36","slug":"zakonczylismy-projekt-senior-otwarty-na-swiat-2","status":"publish","type":"post","link":"https:\/\/boniewo.pl\/?p=26331","title":{"rendered":"Zako\u0144czyli\u015bmy projekt \u201eSenior otwarty na \u015bwiat 2\u201d!"},"content":{"rendered":"\n<p class=\"wp-block-paragraph\"><\/p>\n\n\n\n<p class=\"wp-block-paragraph\">Sk\u0142adamy serdeczne podzi\u0119kowania wszystkim Uczestnikom za entuzjazm, zaanga\u017cowanie i wsp\u00f3lnie sp\u0119dzony czas, a tak\u017ce Prowadz\u0105cym zaj\u0119cia za profesjonalizm, cierpliwo\u015b\u0107 i serce w\u0142o\u017cone w prowadzenie warsztat\u00f3w.<\/p>\n\n\n\n<p class=\"wp-block-paragraph\"><\/p>\n\n\n\n<p class=\"wp-block-paragraph\">O projekcie<\/p>\n\n\n\n<p class=\"wp-block-paragraph\">\u2022 Tytu\u0142: \u201eSenior otwarty na \u015bwiat 2\u201d<\/p>\n\n\n\n<p class=\"wp-block-paragraph\">\u2022 Grupa docelowa: 12 mieszka\u0144c\u00f3w Gminy Boniewo (obszar LSR) w wieku 60+<\/p>\n\n\n\n<p class=\"wp-block-paragraph\">\u2022 Cel: Podniesienie aktywno\u015bci spo\u0142ecznej, kulturalnej i fizycznej os\u00f3b starszych nara\u017conych na marginalizacj\u0119<\/p>\n\n\n\n<p class=\"wp-block-paragraph\">Uzyskane rezultaty<\/p>\n\n\n\n<p class=\"wp-block-paragraph\">\u2022 Utworzenie i funkcjonowanie Klubu Seniora w Hali Sportowej w Boniewie<\/p>\n\n\n\n<p class=\"wp-block-paragraph\">\u2022 Warsztaty dietetyczne i zdrowego od\u017cywiania (80 h)<\/p>\n\n\n\n<p class=\"wp-block-paragraph\">\u2022 Zaj\u0119cia gimnastyczne i prozdrowotne (60 h)<\/p>\n\n\n\n<p class=\"wp-block-paragraph\">\u2022 Warsztaty r\u0119kodzielnicze rozwijaj\u0105ce kreatywno\u015b\u0107 (120 h)<\/p>\n\n\n\n<p class=\"wp-block-paragraph\">\u2022 Wyjazd integracyjno-edukacyjny do Kujawsko-Dobrzy\u0144skiego Parku Etnograficznego w K\u0142\u00f3bce po\u0142\u0105czony z warsztatami tradycyjnego po\u017cywienia<\/p>\n\n\n\n<p class=\"wp-block-paragraph\">\u2022 Wyjazd kulturalny do Filharmonii Pomorskiej w Bydgoszczy<\/p>\n\n\n\n<p class=\"wp-block-paragraph\">Rezultaty i efekty<\/p>\n\n\n\n<p class=\"wp-block-paragraph\">\u2022 Poprawa sytuacji spo\u0142ecznej oraz jako\u015bci \u017cycia 6 uczestnik\u00f3w projektu<\/p>\n\n\n\n<p class=\"wp-block-paragraph\">\u2022 Aktywizacja fizyczna, integracja i skuteczne przeciwdzia\u0142anie osamotnieniu<\/p>\n\n\n\n<p class=\"wp-block-paragraph\">\u2022 Nabycie praktycznych umiej\u0119tno\u015bci z zakresu r\u0119kodzie\u0142a oraz zdrowego stylu \u017cycia<\/p>\n\n\n\n<p class=\"wp-block-paragraph\">Finansowanie<\/p>\n\n\n\n<p class=\"wp-block-paragraph\">\u2022 Warto\u015b\u0107 ca\u0142kowita: 98 169,00 PLN<\/p>\n\n\n\n<p class=\"wp-block-paragraph\">\u2022 Kwota dofinansowania: 93 177,00 PLN<\/p>\n\n\n\n<p class=\"wp-block-paragraph\"><\/p>\n\n\n\n<p class=\"wp-block-paragraph\">Projekt dofinansowany ze \u015brodk\u00f3w programowych Fundusze Europejskie dla Kujaw i Pomorza 2021\u20132027 (Priorytet 7: Fundusze europejskie na rozw\u00f3j lokalny, Dzia\u0142anie FEKP.07.04: Wspieranie integracji spo\u0142ecznej).<\/p>\n\n\n\n<p class=\"wp-block-paragraph\"><\/p>\n\n\n\n<p class=\"wp-block-paragraph\">Realizacja nast\u0105pi\u0142a na podstawie umowy zawartej ze Stowarzyszeniem LGD Dorzecza Zg\u0142owi\u0105czki.<\/p>\n\n\n\n<p class=\"wp-block-paragraph\"><a href=\"https:\/\/www.facebook.com\/hashtag\/funduszeue?__cft__[0]=AZY_VmDJ3JQaAIoi8YiXnoolaUh7pGewm6iqcuvnFdRX_axCRoVnZv3NdmyAkktGEOUBLkDzx1gFL06Jgpp6R-28tCjEfOC_T1l_e95f4cVNHA0c10porHUjcaAi6f7c5afJisSNnzBUxPBE9L0c0B2h&amp;__tn__=*NK-R\">#FunduszeUE<\/a><a href=\"https:\/\/www.facebook.com\/hashtag\/funduszeeuropejskie?__cft__[0]=AZY_VmDJ3JQaAIoi8YiXnoolaUh7pGewm6iqcuvnFdRX_axCRoVnZv3NdmyAkktGEOUBLkDzx1gFL06Jgpp6R-28tCjEfOC_T1l_e95f4cVNHA0c10porHUjcaAi6f7c5afJisSNnzBUxPBE9L0c0B2h&amp;__tn__=*NK-R\">#FunduszeEuropejskie<\/a><\/p>\n\n\n\n<figure class=\"wp-block-image size-full\"><img loading=\"lazy\" decoding=\"async\" width=\"800\" height=\"343\" src=\"https:\/\/boniewo.pl\/wp-content\/uploads\/2026\/08\/Boniewo.png\" alt=\"\" class=\"wp-image-26332\" srcset=\"https:\/\/boniewo.pl\/wp-content\/uploads\/2026\/08\/Boniewo.png 800w, https:\/\/boniewo.pl\/wp-content\/uploads\/2026\/08\/Boniewo-300x129.png 300w, https:\/\/boniewo.pl\/wp-content\/uploads\/2026\/08\/Boniewo-768x329.png 768w\" sizes=\"auto, (max-width: 800px) 100vw, 800px\" \/><\/figure>\n","protected":false},"excerpt":{"rendered":"<p>Sk\u0142adamy serdeczne podzi\u0119kowania wszystkim Uczestnikom za entuzjazm, zaanga\u017cowanie i wsp\u00f3lnie sp\u0119dzony czas, a tak\u017ce Prowadz\u0105cym zaj\u0119cia za profesjonalizm, cierpliwo\u015b\u0107 i serce w\u0142o\u017cone w prowadzenie warsztat\u00f3w. O projekcie \u2022 Tytu\u0142: \u201eSenior otwarty na \u015bwiat 2\u201d \u2022 Grupa docelowa: 12 mieszka\u0144c\u00f3w Gminy Boniewo (obszar LSR) w wieku 60+ \u2022 Cel: Podniesienie aktywno\u015bci spo\u0142ecznej, kulturalnej i fizycznej os\u00f3b starszych nara\u017conych na marginalizacj\u0119 Uzyskane rezultaty \u2022 Utworzenie i funkcjonowanie Klubu Seniora w Hali Sportowej w Boniewie \u2022 Warsztaty dietetyczne i zdrowego od\u017cywiania (80 h) \u2022 Zaj\u0119cia gimnastyczne i prozdrowotne (60 h) \u2022 Warsztaty r\u0119kodzielnicze rozwijaj\u0105ce kreatywno\u015b\u0107 (120 h) \u2022 Wyjazd integracyjno-edukacyjny do Kujawsko-Dobrzy\u0144skiego Parku Etnograficznego w K\u0142\u00f3bce po\u0142\u0105czony z warsztatami tradycyjnego po\u017cywienia \u2022 Wyjazd kulturalny do Filharmonii Pomorskiej w Bydgoszczy Rezultaty i efekty \u2022 Poprawa sytuacji spo\u0142ecznej oraz jako\u015bci \u017cycia 6 uczestnik\u00f3w projektu \u2022 Aktywizacja fizyczna, integracja i skuteczne przeciwdzia\u0142anie osamotnieniu \u2022 Nabycie praktycznych umiej\u0119tno\u015bci z zakresu r\u0119kodzie\u0142a oraz zdrowego stylu \u017cycia Finansowanie \u2022 Warto\u015b\u0107 ca\u0142kowita: 98 169,00 PLN \u2022 Kwota dofinansowania: 93 177,00 PLN Projekt dofinansowany ze \u015brodk\u00f3w programowych Fundusze Europejskie dla Kujaw i Pomorza 2021\u20132027 (Priorytet 7: Fundusze europejskie na rozw\u00f3j lokalny, Dzia\u0142anie FEKP.07.04: Wspieranie integracji spo\u0142ecznej). Realizacja nast\u0105pi\u0142a na podstawie umowy zawartej ze Stowarzyszeniem LGD Dorzecza Zg\u0142owi\u0105czki. #FunduszeUE#FunduszeEuropejskie<\/p>\n","protected":false},"author":8,"featured_media":0,"comment_status":"closed","ping_status":"open","sticky":false,"template":"","format":"standard","meta":{"inline_featured_image":false,"_uag_custom_page_level_css":"","footnotes":""},"categories":[12,83],"tags":[],"class_list":["post-26331","post","type-post","status-publish","format-standard","hentry","category-aktualnosci","category-inwestycja-2025-7-senior-otwarty-na-swiat-2"],"uagb_featured_image_src":{"full":false,"thumbnail":false,"medium":false,"medium_large":false,"large":false,"1536x1536":false,"2048x2048":false,"ashe-slider-full-thumbnail":false,"ashe-full-thumbnail":false,"ashe-list-thumbnail":false,"ashe-grid-thumbnail":false,"ashe-single-navigation":false},"uagb_author_info":{"display_name":"Miko\u0142aj Baszeski","author_link":"https:\/\/boniewo.pl\/?author=8"},"uagb_comment_info":0,"uagb_excerpt":"Sk\u0142adamy serdeczne podzi\u0119kowania wszystkim Uczestnikom za entuzjazm, zaanga\u017cowanie i wsp\u00f3lnie sp\u0119dzony czas, a tak\u017ce Prowadz\u0105cym zaj\u0119cia za profesjonalizm, cierpliwo\u015b\u0107 i serce w\u0142o\u017cone w prowadzenie warsztat\u00f3w. O projekcie \u2022 Tytu\u0142: \u201eSenior otwarty na \u015bwiat 2\u201d \u2022 Grupa docelowa: 12 mieszka\u0144c\u00f3w Gminy Boniewo (obszar LSR) w wieku 60+ \u2022 Cel: Podniesienie aktywno\u015bci spo\u0142ecznej, kulturalnej i fizycznej os\u00f3b&hellip;","_links":{"self":[{"href":"https:\/\/boniewo.pl\/index.php?rest_route=\/wp\/v2\/posts\/26331","targetHints":{"allow":["GET"]}}],"collection":[{"href":"https:\/\/boniewo.pl\/index.php?rest_route=\/wp\/v2\/posts"}],"about":[{"href":"https:\/\/boniewo.pl\/index.php?rest_route=\/wp\/v2\/types\/post"}],"author":[{"embeddable":true,"href":"https:\/\/boniewo.pl\/index.php?rest_route=\/wp\/v2\/users\/8"}],"replies":[{"embeddable":true,"href":"https:\/\/boniewo.pl\/index.php?rest_route=%2Fwp%2Fv2%2Fcomments&post=26331"}],"version-history":[{"count":3,"href":"https:\/\/boniewo.pl\/index.php?rest_route=\/wp\/v2\/posts\/26331\/revisions"}],"predecessor-version":[{"id":26335,"href":"https:\/\/boniewo.pl\/index.php?rest_route=\/wp\/v2\/posts\/26331\/revisions\/26335"}],"wp:attachment":[{"href":"https:\/\/boniewo.pl\/index.php?rest_route=%2Fwp%2Fv2%2Fmedia&parent=26331"}],"wp:term":[{"taxonomy":"category","embeddable":true,"href":"https:\/\/boniewo.pl\/index.php?rest_route=%2Fwp%2Fv2%2Fcategories&post=26331"},{"taxonomy":"post_tag","embeddable":true,"href":"https:\/\/boniewo.pl\/index.php?rest_route=%2Fwp%2Fv2%2Ftags&post=26331"}],"curies":[{"name":"wp","href":"https:\/\/api.w.org\/{rel}","templated":true}]}}