{"id":26338,"date":"2026-09-01T10:10:52","date_gmt":"2026-09-01T08:10:52","guid":{"rendered":"https:\/\/boniewo.pl\/?p=26338"},"modified":"2026-09-01T10:10:56","modified_gmt":"2026-09-01T08:10:56","slug":"nowy-rok-szkolny-2026-2027","status":"publish","type":"post","link":"https:\/\/boniewo.pl\/?p=26338","title":{"rendered":"Nowy rok szkolny 2026\/2027"},"content":{"rendered":"\n<p class=\"wp-block-paragraph\">Dzi\u015b w Szkole Podstawowej im. Obro\u0144c\u00f3w Ziemi Kujawskiej w Boniewie zn\u00f3w zabrzmia\u0142 pierwszy dzwonek. Uroczysta inauguracja rozpocz\u0119\u0142a si\u0119 w hali sportowej, gdzie dyrekcja, nauczyciele oraz zaproszeni go\u015bcie oficjalnie powitali uczni\u00f3w, \u017cycz\u0105c im sukces\u00f3w, wytrwa\u0142o\u015bci i rozwijania swoich pasji w nadchodz\u0105cych miesi\u0105cach nauki.<\/p>\n\n\n\n<p class=\"wp-block-paragraph\">Po cz\u0119\u015bci oficjalnej delegacje wraz z go\u015b\u0107mi uda\u0142y si\u0119 na cmentarz parafialny, aby z\u0142o\u017cy\u0107 kwiaty, zapali\u0107 znicze i odda\u0107 ho\u0142d bohaterom poleg\u0142ym w obronie naszej Ojczyzny<\/p>\n\n\n\n<figure class=\"wp-block-image size-large\"><img loading=\"lazy\" decoding=\"async\" width=\"1024\" height=\"768\" src=\"https:\/\/boniewo.pl\/wp-content\/uploads\/2026\/09\/IMG_0249-1024x768.jpg\" alt=\"\" class=\"wp-image-26339\" srcset=\"https:\/\/boniewo.pl\/wp-content\/uploads\/2026\/09\/IMG_0249-1024x768.jpg 1024w, https:\/\/boniewo.pl\/wp-content\/uploads\/2026\/09\/IMG_0249-300x225.jpg 300w, https:\/\/boniewo.pl\/wp-content\/uploads\/2026\/09\/IMG_0249-768x576.jpg 768w, https:\/\/boniewo.pl\/wp-content\/uploads\/2026\/09\/IMG_0249-1536x1152.jpg 1536w, https:\/\/boniewo.pl\/wp-content\/uploads\/2026\/09\/IMG_0249-1140x855.jpg 1140w, https:\/\/boniewo.pl\/wp-content\/uploads\/2026\/09\/IMG_0249.jpg 2016w\" sizes=\"auto, (max-width: 1024px) 100vw, 1024px\" \/><\/figure>\n\n\n\n<figure class=\"wp-block-image size-large\"><img loading=\"lazy\" decoding=\"async\" width=\"1024\" height=\"768\" src=\"https:\/\/boniewo.pl\/wp-content\/uploads\/2026\/09\/IMG_0257-1024x768.jpg\" alt=\"\" class=\"wp-image-26340\" srcset=\"https:\/\/boniewo.pl\/wp-content\/uploads\/2026\/09\/IMG_0257-1024x768.jpg 1024w, https:\/\/boniewo.pl\/wp-content\/uploads\/2026\/09\/IMG_0257-300x225.jpg 300w, https:\/\/boniewo.pl\/wp-content\/uploads\/2026\/09\/IMG_0257-768x576.jpg 768w, https:\/\/boniewo.pl\/wp-content\/uploads\/2026\/09\/IMG_0257-1536x1152.jpg 1536w, https:\/\/boniewo.pl\/wp-content\/uploads\/2026\/09\/IMG_0257-1140x855.jpg 1140w, https:\/\/boniewo.pl\/wp-content\/uploads\/2026\/09\/IMG_0257.jpg 2016w\" sizes=\"auto, (max-width: 1024px) 100vw, 1024px\" \/><\/figure>\n\n\n\n<figure class=\"wp-block-image size-large\"><img loading=\"lazy\" decoding=\"async\" width=\"1024\" height=\"768\" src=\"https:\/\/boniewo.pl\/wp-content\/uploads\/2026\/09\/IMG_0263-1024x768.jpg\" alt=\"\" class=\"wp-image-26341\" srcset=\"https:\/\/boniewo.pl\/wp-content\/uploads\/2026\/09\/IMG_0263-1024x768.jpg 1024w, https:\/\/boniewo.pl\/wp-content\/uploads\/2026\/09\/IMG_0263-300x225.jpg 300w, https:\/\/boniewo.pl\/wp-content\/uploads\/2026\/09\/IMG_0263-768x576.jpg 768w, https:\/\/boniewo.pl\/wp-content\/uploads\/2026\/09\/IMG_0263-1536x1152.jpg 1536w, https:\/\/boniewo.pl\/wp-content\/uploads\/2026\/09\/IMG_0263-1140x855.jpg 1140w, https:\/\/boniewo.pl\/wp-content\/uploads\/2026\/09\/IMG_0263.jpg 2016w\" sizes=\"auto, (max-width: 1024px) 100vw, 1024px\" \/><\/figure>\n","protected":false},"excerpt":{"rendered":"<p>Dzi\u015b w Szkole Podstawowej im. Obro\u0144c\u00f3w Ziemi Kujawskiej w Boniewie zn\u00f3w zabrzmia\u0142 pierwszy dzwonek. Uroczysta inauguracja rozpocz\u0119\u0142a si\u0119 w hali sportowej, gdzie dyrekcja, nauczyciele oraz zaproszeni go\u015bcie oficjalnie powitali uczni\u00f3w, \u017cycz\u0105c im sukces\u00f3w, wytrwa\u0142o\u015bci i rozwijania swoich pasji w nadchodz\u0105cych miesi\u0105cach nauki. Po cz\u0119\u015bci oficjalnej delegacje wraz z go\u015b\u0107mi uda\u0142y si\u0119 na cmentarz parafialny, aby z\u0142o\u017cy\u0107 kwiaty, zapali\u0107 znicze i odda\u0107 ho\u0142d bohaterom poleg\u0142ym w obronie naszej Ojczyzny<\/p>\n","protected":false},"author":8,"featured_media":0,"comment_status":"closed","ping_status":"open","sticky":false,"template":"","format":"standard","meta":{"inline_featured_image":false,"_uag_custom_page_level_css":"","footnotes":""},"categories":[12],"tags":[],"class_list":["post-26338","post","type-post","status-publish","format-standard","hentry","category-aktualnosci"],"uagb_featured_image_src":{"full":false,"thumbnail":false,"medium":false,"medium_large":false,"large":false,"1536x1536":false,"2048x2048":false,"ashe-slider-full-thumbnail":false,"ashe-full-thumbnail":false,"ashe-list-thumbnail":false,"ashe-grid-thumbnail":false,"ashe-single-navigation":false},"uagb_author_info":{"display_name":"Miko\u0142aj Baszeski","author_link":"https:\/\/boniewo.pl\/?author=8"},"uagb_comment_info":0,"uagb_excerpt":"Dzi\u015b w Szkole Podstawowej im. Obro\u0144c\u00f3w Ziemi Kujawskiej w Boniewie zn\u00f3w zabrzmia\u0142 pierwszy dzwonek. Uroczysta inauguracja rozpocz\u0119\u0142a si\u0119 w hali sportowej, gdzie dyrekcja, nauczyciele oraz zaproszeni go\u015bcie oficjalnie powitali uczni\u00f3w, \u017cycz\u0105c im sukces\u00f3w, wytrwa\u0142o\u015bci i rozwijania swoich pasji w nadchodz\u0105cych miesi\u0105cach nauki. Po cz\u0119\u015bci oficjalnej delegacje wraz z go\u015b\u0107mi uda\u0142y si\u0119 na cmentarz parafialny, aby&hellip;","_links":{"self":[{"href":"https:\/\/boniewo.pl\/index.php?rest_route=\/wp\/v2\/posts\/26338","targetHints":{"allow":["GET"]}}],"collection":[{"href":"https:\/\/boniewo.pl\/index.php?rest_route=\/wp\/v2\/posts"}],"about":[{"href":"https:\/\/boniewo.pl\/index.php?rest_route=\/wp\/v2\/types\/post"}],"author":[{"embeddable":true,"href":"https:\/\/boniewo.pl\/index.php?rest_route=\/wp\/v2\/users\/8"}],"replies":[{"embeddable":true,"href":"https:\/\/boniewo.pl\/index.php?rest_route=%2Fwp%2Fv2%2Fcomments&post=26338"}],"version-history":[{"count":1,"href":"https:\/\/boniewo.pl\/index.php?rest_route=\/wp\/v2\/posts\/26338\/revisions"}],"predecessor-version":[{"id":26342,"href":"https:\/\/boniewo.pl\/index.php?rest_route=\/wp\/v2\/posts\/26338\/revisions\/26342"}],"wp:attachment":[{"href":"https:\/\/boniewo.pl\/index.php?rest_route=%2Fwp%2Fv2%2Fmedia&parent=26338"}],"wp:term":[{"taxonomy":"category","embeddable":true,"href":"https:\/\/boniewo.pl\/index.php?rest_route=%2Fwp%2Fv2%2Fcategories&post=26338"},{"taxonomy":"post_tag","embeddable":true,"href":"https:\/\/boniewo.pl\/index.php?rest_route=%2Fwp%2Fv2%2Ftags&post=26338"}],"curies":[{"name":"wp","href":"https:\/\/api.w.org\/{rel}","templated":true}]}}